{"id":586,"date":"2018-12-23T16:31:37","date_gmt":"2018-12-23T16:31:37","guid":{"rendered":"http:\/\/institutviladomat.cat\/portfoli\/16sergisarraute\/?p=586"},"modified":"2018-12-23T16:32:38","modified_gmt":"2018-12-23T16:32:38","slug":"normes-ortografiques","status":"publish","type":"post","link":"https:\/\/institutviladomat.cat\/portfoli\/16sergisarraute\/2018\/12\/23\/normes-ortografiques\/","title":{"rendered":"Normes ORTOGR\u00c0FIQUES"},"content":{"rendered":"\n<p>Dins del temari anterior de catal\u00e0 vam estudiar cada grup v\u00e0ries normes ortogr\u00e0fiques. Al meu grup li va tocar treballar la norma ortogr\u00e0fica de l&#8217;ap\u00f2strof + la contracci\u00f3 i la b\/v. Posteriorment, vam treballar amb la norma de les o i u \u00e0tones plasmat en un visual thinking. Aqu\u00ed us deixem la nostra presentaci\u00f3:<\/p>\n\n\n\n<p class=\"wp-block-gdm-google-drive-embedder-viewer\"><iframe width=\"100%\" height=\"400\" frameborder=\"0\" scrolling=\"https:\/\/docs.google.com\/presentation\/d\/1wXJsDRkfx3kZnObONQitdFxwrUhTtd-rSqz5HphnHxQ\/preview?usp=drivesdk\" src=\"https:\/\/docs.google.com\/presentation\/d\/1wXJsDRkfx3kZnObONQitdFxwrUhTtd-rSqz5HphnHxQ\/preview?usp=drivesdk\"><\/iframe><iframe width=\"100%\" height=\"400\" frameborder=\"0\" scrolling=\"https:\/\/docs.google.com\/presentation\/d\/1wXJsDRkfx3kZnObONQitdFxwrUhTtd-rSqz5HphnHxQ\/preview?usp=drivesdk\" src=\"https:\/\/docs.google.com\/presentation\/d\/1wXJsDRkfx3kZnObONQitdFxwrUhTtd-rSqz5HphnHxQ\/preview?usp=drivesdk\"><\/iframe><\/p>\n\n\n\n<p><\/p>\n","protected":false},"excerpt":{"rendered":"<p>Dins del temari anterior de catal\u00e0 vam estudiar cada grup v\u00e0ries normes ortogr\u00e0fiques. Al meu grup li va tocar treballar la norma ortogr\u00e0fica de l&#8217;ap\u00f2strof + la contracci\u00f3&#8230;<\/p>\n","protected":false},"author":126,"featured_media":587,"comment_status":"open","ping_status":"open","sticky":false,"template":"","format":"standard","meta":{"footnotes":""},"categories":[40,52],"tags":[],"_links":{"self":[{"href":"https:\/\/institutviladomat.cat\/portfoli\/16sergisarraute\/wp-json\/wp\/v2\/posts\/586"}],"collection":[{"href":"https:\/\/institutviladomat.cat\/portfoli\/16sergisarraute\/wp-json\/wp\/v2\/posts"}],"about":[{"href":"https:\/\/institutviladomat.cat\/portfoli\/16sergisarraute\/wp-json\/wp\/v2\/types\/post"}],"author":[{"embeddable":true,"href":"https:\/\/institutviladomat.cat\/portfoli\/16sergisarraute\/wp-json\/wp\/v2\/users\/126"}],"replies":[{"embeddable":true,"href":"https:\/\/institutviladomat.cat\/portfoli\/16sergisarraute\/wp-json\/wp\/v2\/comments?post=586"}],"version-history":[{"count":3,"href":"https:\/\/institutviladomat.cat\/portfoli\/16sergisarraute\/wp-json\/wp\/v2\/posts\/586\/revisions"}],"predecessor-version":[{"id":590,"href":"https:\/\/institutviladomat.cat\/portfoli\/16sergisarraute\/wp-json\/wp\/v2\/posts\/586\/revisions\/590"}],"wp:featuredmedia":[{"embeddable":true,"href":"https:\/\/institutviladomat.cat\/portfoli\/16sergisarraute\/wp-json\/wp\/v2\/media\/587"}],"wp:attachment":[{"href":"https:\/\/institutviladomat.cat\/portfoli\/16sergisarraute\/wp-json\/wp\/v2\/media?parent=586"}],"wp:term":[{"taxonomy":"category","embeddable":true,"href":"https:\/\/institutviladomat.cat\/portfoli\/16sergisarraute\/wp-json\/wp\/v2\/categories?post=586"},{"taxonomy":"post_tag","embeddable":true,"href":"https:\/\/institutviladomat.cat\/portfoli\/16sergisarraute\/wp-json\/wp\/v2\/tags?post=586"}],"curies":[{"name":"wp","href":"https:\/\/api.w.org\/{rel}","templated":true}]}}