{"id":591,"date":"2019-02-11T07:47:47","date_gmt":"2019-02-11T07:47:47","guid":{"rendered":"http:\/\/institutviladomat.cat\/portfoli\/16sergisarraute\/?p=591"},"modified":"2019-02-11T07:48:25","modified_gmt":"2019-02-11T07:48:25","slug":"opinio-del-documental-frightened","status":"publish","type":"post","link":"https:\/\/institutviladomat.cat\/portfoli\/16sergisarraute\/2019\/02\/11\/opinio-del-documental-frightened\/","title":{"rendered":"Opini\u00f3 del documental &#8220;Frightened&#8221;"},"content":{"rendered":"\n<p>L&#8217;altre dia vam veure un documental com a final de la situaci\u00f3 SA_303 Tot \u00e9s mat\u00e8ria?. Aquest \u00e9s diu Frightened i va estar ofert per la Televisi\u00f3 P\u00fablica Catalana (TV3).<\/p>\n\n\n\n<p>Aquest documental ens parla dels costos generals que suposa el transport de mercaderies. Quin \u00e9s el cost econ\u00f2mic? I el mediambiental?<\/p>\n\n\n\n<p>Actualment el transport de mercaderies m\u00e9s utilitzat \u00e9s el vaixell b\u00e0sicament perqu\u00e8 que el cost econ\u00f2mic \u00e9s molt baix a causa dels combustibles barats que s&#8217;utilitzen que es carreguen el mediambient. Tamb\u00e9 el documental parlava de l&#8217;explotaci\u00f3 laboral i de quins interessos tenen les empreses de transport mar\u00edtim.<\/p>\n\n\n\n<p>Aquest \u00e9s el link: <a href=\"https:\/\/www.ccma.cat\/tv3\/alacarta\/sense-ficcio\/freightened-el-preu-real-del-transport-maritim\/video\/5609617\/\">https:\/\/www.ccma.cat\/tv3\/alacarta\/sense-ficcio\/freightened-el-preu-real-del-transport-maritim\/video\/5609617\/<\/a><\/p>\n","protected":false},"excerpt":{"rendered":"<p>L&#8217;altre dia vam veure un documental com a final de la situaci\u00f3 SA_303 Tot \u00e9s mat\u00e8ria?. Aquest \u00e9s diu Frightened i va estar ofert per la Televisi\u00f3 P\u00fablica&#8230;<\/p>\n","protected":false},"author":126,"featured_media":596,"comment_status":"open","ping_status":"open","sticky":false,"template":"","format":"standard","meta":{"footnotes":""},"categories":[40,53],"tags":[],"_links":{"self":[{"href":"https:\/\/institutviladomat.cat\/portfoli\/16sergisarraute\/wp-json\/wp\/v2\/posts\/591"}],"collection":[{"href":"https:\/\/institutviladomat.cat\/portfoli\/16sergisarraute\/wp-json\/wp\/v2\/posts"}],"about":[{"href":"https:\/\/institutviladomat.cat\/portfoli\/16sergisarraute\/wp-json\/wp\/v2\/types\/post"}],"author":[{"embeddable":true,"href":"https:\/\/institutviladomat.cat\/portfoli\/16sergisarraute\/wp-json\/wp\/v2\/users\/126"}],"replies":[{"embeddable":true,"href":"https:\/\/institutviladomat.cat\/portfoli\/16sergisarraute\/wp-json\/wp\/v2\/comments?post=591"}],"version-history":[{"count":1,"href":"https:\/\/institutviladomat.cat\/portfoli\/16sergisarraute\/wp-json\/wp\/v2\/posts\/591\/revisions"}],"predecessor-version":[{"id":595,"href":"https:\/\/institutviladomat.cat\/portfoli\/16sergisarraute\/wp-json\/wp\/v2\/posts\/591\/revisions\/595"}],"wp:featuredmedia":[{"embeddable":true,"href":"https:\/\/institutviladomat.cat\/portfoli\/16sergisarraute\/wp-json\/wp\/v2\/media\/596"}],"wp:attachment":[{"href":"https:\/\/institutviladomat.cat\/portfoli\/16sergisarraute\/wp-json\/wp\/v2\/media?parent=591"}],"wp:term":[{"taxonomy":"category","embeddable":true,"href":"https:\/\/institutviladomat.cat\/portfoli\/16sergisarraute\/wp-json\/wp\/v2\/categories?post=591"},{"taxonomy":"post_tag","embeddable":true,"href":"https:\/\/institutviladomat.cat\/portfoli\/16sergisarraute\/wp-json\/wp\/v2\/tags?post=591"}],"curies":[{"name":"wp","href":"https:\/\/api.w.org\/{rel}","templated":true}]}}