{"id":614,"date":"2019-02-16T12:53:38","date_gmt":"2019-02-16T12:53:38","guid":{"rendered":"http:\/\/institutviladomat.cat\/portfoli\/16sergisarraute\/?p=614"},"modified":"2019-02-16T12:53:38","modified_gmt":"2019-02-16T12:53:38","slug":"practiques-al-laboratori","status":"publish","type":"post","link":"https:\/\/institutviladomat.cat\/portfoli\/16sergisarraute\/2019\/02\/16\/practiques-al-laboratori\/","title":{"rendered":"Pr\u00e0ctiques al laboratori"},"content":{"rendered":"\n<p>Ja far\u00e0 un parell de setmanes que vam ser unes pr\u00e0ctiques al laboratori a la mat\u00e8ria de FiQ (F\u00edsica i Qu\u00edmica). Les pr\u00e0ctiques consistien en separar compostos i calcular el percentatge d&#8217;ells en la mescla.<\/p>\n\n\n\n<p>La primera mescla es tarctava de caf\u00e8. Hav\u00edem de separar el contingut de caf\u00e8 del l\u00edquid. <\/p>\n\n\n\n<p>La segona mescla consistia en posar al Sol aigua mineral i esperar a que es form\u00e9s la sal. Despr\u00e9s vam fer tot el procediment de pesar la quantitat de subst\u00e0ncia i fer percentatges.<\/p>\n\n\n\n<p>La pr\u00e0ctica era entretinguda per\u00f2 la teoria era molt avorrida. De totes maneres m&#8217;ha agradat l&#8217;experi\u00e8ncia<\/p>\n","protected":false},"excerpt":{"rendered":"<p>Ja far\u00e0 un parell de setmanes que vam ser unes pr\u00e0ctiques al laboratori a la mat\u00e8ria de FiQ (F\u00edsica i Qu\u00edmica). Les pr\u00e0ctiques consistien en separar compostos i&#8230;<\/p>\n","protected":false},"author":126,"featured_media":615,"comment_status":"open","ping_status":"open","sticky":false,"template":"","format":"standard","meta":{"footnotes":""},"categories":[40,53],"tags":[],"_links":{"self":[{"href":"https:\/\/institutviladomat.cat\/portfoli\/16sergisarraute\/wp-json\/wp\/v2\/posts\/614"}],"collection":[{"href":"https:\/\/institutviladomat.cat\/portfoli\/16sergisarraute\/wp-json\/wp\/v2\/posts"}],"about":[{"href":"https:\/\/institutviladomat.cat\/portfoli\/16sergisarraute\/wp-json\/wp\/v2\/types\/post"}],"author":[{"embeddable":true,"href":"https:\/\/institutviladomat.cat\/portfoli\/16sergisarraute\/wp-json\/wp\/v2\/users\/126"}],"replies":[{"embeddable":true,"href":"https:\/\/institutviladomat.cat\/portfoli\/16sergisarraute\/wp-json\/wp\/v2\/comments?post=614"}],"version-history":[{"count":1,"href":"https:\/\/institutviladomat.cat\/portfoli\/16sergisarraute\/wp-json\/wp\/v2\/posts\/614\/revisions"}],"predecessor-version":[{"id":616,"href":"https:\/\/institutviladomat.cat\/portfoli\/16sergisarraute\/wp-json\/wp\/v2\/posts\/614\/revisions\/616"}],"wp:featuredmedia":[{"embeddable":true,"href":"https:\/\/institutviladomat.cat\/portfoli\/16sergisarraute\/wp-json\/wp\/v2\/media\/615"}],"wp:attachment":[{"href":"https:\/\/institutviladomat.cat\/portfoli\/16sergisarraute\/wp-json\/wp\/v2\/media?parent=614"}],"wp:term":[{"taxonomy":"category","embeddable":true,"href":"https:\/\/institutviladomat.cat\/portfoli\/16sergisarraute\/wp-json\/wp\/v2\/categories?post=614"},{"taxonomy":"post_tag","embeddable":true,"href":"https:\/\/institutviladomat.cat\/portfoli\/16sergisarraute\/wp-json\/wp\/v2\/tags?post=614"}],"curies":[{"name":"wp","href":"https:\/\/api.w.org\/{rel}","templated":true}]}}