{"id":625,"date":"2019-03-18T18:28:01","date_gmt":"2019-03-18T18:28:01","guid":{"rendered":"http:\/\/institutviladomat.cat\/portfoli\/16sergisarraute\/?p=625"},"modified":"2019-03-18T18:28:01","modified_gmt":"2019-03-18T18:28:01","slug":"enllacos-a-fisica-i-quimica-fiq","status":"publish","type":"post","link":"https:\/\/institutviladomat.cat\/portfoli\/16sergisarraute\/2019\/03\/18\/enllacos-a-fisica-i-quimica-fiq\/","title":{"rendered":"Enlla\u00e7os a F\u00edsica i Qu\u00edmica (FiQ)"},"content":{"rendered":"\n<p>A l&#8217;assignatura de f\u00edsica i qu\u00edmica hem estat treballant els tipus d&#8217;enlla\u00e7os que ens podem trobar. Ho hem estat estudiant sobretot per a aquest \u00faltim temari que tractava la taula peri\u00f2dica.<\/p>\n\n\n\n<p>Un <strong>enlla\u00e7 i\u00f2nic<\/strong> \u00e9s la uni\u00f3 d&#8217;un \u00e0tom d&#8217;un\u00a0element met\u00e0l\u00b7lic\u00a0que \u00e9s electropositiu\u00a0que cedeix un o m\u00e9s electrons\u00a0a l&#8217;\u00e0tom de l&#8217;element no met\u00e0l\u00b7licelectronegatiu. <\/p>\n\n\n\n<p>Un <strong>enlla\u00e7 covalent<\/strong> \u00e9s la uni\u00f3 entre dos \u00e0toms d&#8217;elements no met\u00e0l\u00b7lics\u00a0i\u00a0 a sobre, electronegatius. Aquesta uni\u00f3 es produeix mitjan\u00e7ant una compartici\u00f3 total o parcial dels\u00a0electrons de val\u00e8ncia.<\/p>\n\n\n\n<p>L&#8217;<strong>enlla\u00e7 met\u00e0l\u00b7lic<\/strong> \u00e9s la uni\u00f3 entre un grup d&#8217;\u00e0toms d&#8217;elements met\u00e0l\u00b7lics\u00a0en qu\u00e8 comparteixen els seus electrons menys rellevants entre tots ells.<\/p>\n","protected":false},"excerpt":{"rendered":"<p>A l&#8217;assignatura de f\u00edsica i qu\u00edmica hem estat treballant els tipus d&#8217;enlla\u00e7os que ens podem trobar. Ho hem estat estudiant sobretot per a aquest \u00faltim temari que tractava&#8230;<\/p>\n","protected":false},"author":126,"featured_media":626,"comment_status":"open","ping_status":"open","sticky":false,"template":"","format":"standard","meta":{"footnotes":""},"categories":[40,54],"tags":[],"_links":{"self":[{"href":"https:\/\/institutviladomat.cat\/portfoli\/16sergisarraute\/wp-json\/wp\/v2\/posts\/625"}],"collection":[{"href":"https:\/\/institutviladomat.cat\/portfoli\/16sergisarraute\/wp-json\/wp\/v2\/posts"}],"about":[{"href":"https:\/\/institutviladomat.cat\/portfoli\/16sergisarraute\/wp-json\/wp\/v2\/types\/post"}],"author":[{"embeddable":true,"href":"https:\/\/institutviladomat.cat\/portfoli\/16sergisarraute\/wp-json\/wp\/v2\/users\/126"}],"replies":[{"embeddable":true,"href":"https:\/\/institutviladomat.cat\/portfoli\/16sergisarraute\/wp-json\/wp\/v2\/comments?post=625"}],"version-history":[{"count":1,"href":"https:\/\/institutviladomat.cat\/portfoli\/16sergisarraute\/wp-json\/wp\/v2\/posts\/625\/revisions"}],"predecessor-version":[{"id":627,"href":"https:\/\/institutviladomat.cat\/portfoli\/16sergisarraute\/wp-json\/wp\/v2\/posts\/625\/revisions\/627"}],"wp:featuredmedia":[{"embeddable":true,"href":"https:\/\/institutviladomat.cat\/portfoli\/16sergisarraute\/wp-json\/wp\/v2\/media\/626"}],"wp:attachment":[{"href":"https:\/\/institutviladomat.cat\/portfoli\/16sergisarraute\/wp-json\/wp\/v2\/media?parent=625"}],"wp:term":[{"taxonomy":"category","embeddable":true,"href":"https:\/\/institutviladomat.cat\/portfoli\/16sergisarraute\/wp-json\/wp\/v2\/categories?post=625"},{"taxonomy":"post_tag","embeddable":true,"href":"https:\/\/institutviladomat.cat\/portfoli\/16sergisarraute\/wp-json\/wp\/v2\/tags?post=625"}],"curies":[{"name":"wp","href":"https:\/\/api.w.org\/{rel}","templated":true}]}}