{"id":63,"date":"2016-09-30T12:17:47","date_gmt":"2016-09-30T12:17:47","guid":{"rendered":"http:\/\/institutviladomat.cat\/portfoli\/16sergisarraute\/?p=63"},"modified":"2017-10-13T12:19:29","modified_gmt":"2017-10-13T12:19:29","slug":"lescola-del-passat","status":"publish","type":"post","link":"https:\/\/institutviladomat.cat\/portfoli\/16sergisarraute\/2016\/09\/30\/lescola-del-passat\/","title":{"rendered":"L&#8217;escola del passat"},"content":{"rendered":"<p>&nbsp;<\/p>\n<p>Escola de la Rep\u00fablica: \u00a0 \u00a0 \u00a0 \u00a0 \u00a0 \u00a0 \u00a0 \u00a0 \u00a0 \u00a0 \u00a0 \u00a0 \u00a0 \u00a0 \u00a0 \u00a0 \u00a0 \u00a0 \u00a0 \u00a0 \u00a0 \u00a0 \u00a0 \u00a0\u00a0<img decoding=\"async\" loading=\"lazy\" class=\"alignnone size-medium wp-image-64\" src=\"http:\/\/institutviladomat.cat\/portfoli\/16sergisarraute\/wp-content\/uploads\/sites\/124\/2016\/09\/Imatge003-300x225.jpg\" alt=\"imatge003\" width=\"300\" height=\"225\" srcset=\"https:\/\/institutviladomat.cat\/portfoli\/16sergisarraute\/wp-content\/uploads\/sites\/124\/2016\/09\/Imatge003-300x225.jpg 300w, https:\/\/institutviladomat.cat\/portfoli\/16sergisarraute\/wp-content\/uploads\/sites\/124\/2016\/09\/Imatge003.jpg 302w\" sizes=\"(max-width: 300px) 100vw, 300px\" \/>Escola Franquista:<img decoding=\"async\" loading=\"lazy\" class=\"alignnone size-medium wp-image-65\" src=\"http:\/\/institutviladomat.cat\/portfoli\/16sergisarraute\/wp-content\/uploads\/sites\/124\/2016\/09\/20150414-capella-i-nens-Mundet-3-300x200.jpg\" alt=\"20150414-capella-i-nens-mundet-3\" width=\"300\" height=\"200\" srcset=\"https:\/\/institutviladomat.cat\/portfoli\/16sergisarraute\/wp-content\/uploads\/sites\/124\/2016\/09\/20150414-capella-i-nens-Mundet-3-300x200.jpg 300w, https:\/\/institutviladomat.cat\/portfoli\/16sergisarraute\/wp-content\/uploads\/sites\/124\/2016\/09\/20150414-capella-i-nens-Mundet-3-768x513.jpg 768w, https:\/\/institutviladomat.cat\/portfoli\/16sergisarraute\/wp-content\/uploads\/sites\/124\/2016\/09\/20150414-capella-i-nens-Mundet-3-1024x683.jpg 1024w, https:\/\/institutviladomat.cat\/portfoli\/16sergisarraute\/wp-content\/uploads\/sites\/124\/2016\/09\/20150414-capella-i-nens-Mundet-3-973x649.jpg 973w, https:\/\/institutviladomat.cat\/portfoli\/16sergisarraute\/wp-content\/uploads\/sites\/124\/2016\/09\/20150414-capella-i-nens-Mundet-3-508x339.jpg 508w, https:\/\/institutviladomat.cat\/portfoli\/16sergisarraute\/wp-content\/uploads\/sites\/124\/2016\/09\/20150414-capella-i-nens-Mundet-3.jpg 1416w\" sizes=\"(max-width: 300px) 100vw, 300px\" \/><\/p>\n<p>Abans de la Guerra Civil Espanyola, hi havia la escola de la Rep\u00fablica, una escola, en la que no hi havia ni prohibicions, ni exclusions. Es barrejaven nens i nenes, i s&#8217;ensenyava de manera menys r\u00edgida, i m\u00e9s ll\u00fadica.<\/p>\n<p>Just despr\u00e9s de la Guerra Civil, es va imposar el franquisme. Aquest r\u00e9gim, prohibia estrictament, la llengua catalana. L&#8217;ensenyament era per monges i monjos, i a cada classe hi havia de haver la foto de Franco, la creu i la verge.<\/p>\n<p>&nbsp;<\/p>\n","protected":false},"excerpt":{"rendered":"<p>&nbsp; Escola de la Rep\u00fablica: \u00a0 \u00a0 \u00a0 \u00a0 \u00a0 \u00a0 \u00a0 \u00a0 \u00a0 \u00a0 \u00a0 \u00a0 \u00a0 \u00a0 \u00a0 \u00a0 \u00a0 \u00a0 \u00a0 \u00a0 \u00a0 \u00a0 \u00a0&#8230;<\/p>\n","protected":false},"author":126,"featured_media":74,"comment_status":"open","ping_status":"open","sticky":false,"template":"","format":"standard","meta":{"footnotes":""},"categories":[37,8],"tags":[],"_links":{"self":[{"href":"https:\/\/institutviladomat.cat\/portfoli\/16sergisarraute\/wp-json\/wp\/v2\/posts\/63"}],"collection":[{"href":"https:\/\/institutviladomat.cat\/portfoli\/16sergisarraute\/wp-json\/wp\/v2\/posts"}],"about":[{"href":"https:\/\/institutviladomat.cat\/portfoli\/16sergisarraute\/wp-json\/wp\/v2\/types\/post"}],"author":[{"embeddable":true,"href":"https:\/\/institutviladomat.cat\/portfoli\/16sergisarraute\/wp-json\/wp\/v2\/users\/126"}],"replies":[{"embeddable":true,"href":"https:\/\/institutviladomat.cat\/portfoli\/16sergisarraute\/wp-json\/wp\/v2\/comments?post=63"}],"version-history":[{"count":1,"href":"https:\/\/institutviladomat.cat\/portfoli\/16sergisarraute\/wp-json\/wp\/v2\/posts\/63\/revisions"}],"predecessor-version":[{"id":66,"href":"https:\/\/institutviladomat.cat\/portfoli\/16sergisarraute\/wp-json\/wp\/v2\/posts\/63\/revisions\/66"}],"wp:featuredmedia":[{"embeddable":true,"href":"https:\/\/institutviladomat.cat\/portfoli\/16sergisarraute\/wp-json\/wp\/v2\/media\/74"}],"wp:attachment":[{"href":"https:\/\/institutviladomat.cat\/portfoli\/16sergisarraute\/wp-json\/wp\/v2\/media?parent=63"}],"wp:term":[{"taxonomy":"category","embeddable":true,"href":"https:\/\/institutviladomat.cat\/portfoli\/16sergisarraute\/wp-json\/wp\/v2\/categories?post=63"},{"taxonomy":"post_tag","embeddable":true,"href":"https:\/\/institutviladomat.cat\/portfoli\/16sergisarraute\/wp-json\/wp\/v2\/tags?post=63"}],"curies":[{"name":"wp","href":"https:\/\/api.w.org\/{rel}","templated":true}]}}