{"id":632,"date":"2019-03-19T19:47:34","date_gmt":"2019-03-19T19:47:34","guid":{"rendered":"http:\/\/institutviladomat.cat\/portfoli\/16sergisarraute\/?p=632"},"modified":"2019-03-19T19:47:34","modified_gmt":"2019-03-19T19:47:34","slug":"y-la-funcion-de-la-ortografia","status":"publish","type":"post","link":"https:\/\/institutviladomat.cat\/portfoli\/16sergisarraute\/2019\/03\/19\/y-la-funcion-de-la-ortografia\/","title":{"rendered":"\u00bfY la funci\u00f3n de la ortograf\u00eda?"},"content":{"rendered":"\n<p>Nuestra lengua, el castellano, proviene del lat\u00edn, de los fenicios, de los \u00e1rabes y de los b\u00e1rbaros entre otros des de hace m\u00e1s de 2 000 a\u00f1os. Como todas las lenguas, la nuestra est\u00e1 en constante evoluci\u00f3n ya que cada d\u00eda se crean neologismos nuevos. <br><\/p>\n\n\n\n<p>La ortograf\u00eda se crea por necesidad ya que tiene que haber una NORMA que unifique conceptos. La ortograf\u00eda es la ley de las letras. Tiene que haber algo que diga esto est\u00e1 bien escrito y esto no. <\/p>\n\n\n\n<p>Estas normas no solo se usan para escribir correctamente las palabras sino que tambi\u00e9n tiene un uso de darle significado a las oraciones. En esto entramos en pronunciaci\u00f3n y puntuaci\u00f3n. Una frase puede cambiar mucho si la puntuaci\u00f3n no est\u00e1 en su sitio y con esta, su pronunciaci\u00f3n. El caso es que la ortograf\u00eda une. Como en todo, tiene que haber unas normas porque si yo escribo una palabra de una determinada manera y mi compa\u00f1ero de Argentina lo escribe de otro modo no nos vamos a entender. Hablamos tambi\u00e9n de contexto cuando decimos que una palabra se escribe igual que otra pero no en el mismo espacio. Por ejemplo si digo &#8220;ayer me com\u00ed una carpa&#8221;, claramente no me he comido un circo y aunque a veces haya el caso de que dos palabras se pronuncien diferente pero se escriban igual, tambi\u00e9n hablamos de contexto.<br><br><\/p>\n","protected":false},"excerpt":{"rendered":"<p>Nuestra lengua, el castellano, proviene del lat\u00edn, de los fenicios, de los \u00e1rabes y de los b\u00e1rbaros entre otros des de hace m\u00e1s de 2 000 a\u00f1os. Como&#8230;<\/p>\n","protected":false},"author":126,"featured_media":633,"comment_status":"open","ping_status":"open","sticky":false,"template":"","format":"standard","meta":{"footnotes":""},"categories":[40,55],"tags":[],"_links":{"self":[{"href":"https:\/\/institutviladomat.cat\/portfoli\/16sergisarraute\/wp-json\/wp\/v2\/posts\/632"}],"collection":[{"href":"https:\/\/institutviladomat.cat\/portfoli\/16sergisarraute\/wp-json\/wp\/v2\/posts"}],"about":[{"href":"https:\/\/institutviladomat.cat\/portfoli\/16sergisarraute\/wp-json\/wp\/v2\/types\/post"}],"author":[{"embeddable":true,"href":"https:\/\/institutviladomat.cat\/portfoli\/16sergisarraute\/wp-json\/wp\/v2\/users\/126"}],"replies":[{"embeddable":true,"href":"https:\/\/institutviladomat.cat\/portfoli\/16sergisarraute\/wp-json\/wp\/v2\/comments?post=632"}],"version-history":[{"count":1,"href":"https:\/\/institutviladomat.cat\/portfoli\/16sergisarraute\/wp-json\/wp\/v2\/posts\/632\/revisions"}],"predecessor-version":[{"id":634,"href":"https:\/\/institutviladomat.cat\/portfoli\/16sergisarraute\/wp-json\/wp\/v2\/posts\/632\/revisions\/634"}],"wp:featuredmedia":[{"embeddable":true,"href":"https:\/\/institutviladomat.cat\/portfoli\/16sergisarraute\/wp-json\/wp\/v2\/media\/633"}],"wp:attachment":[{"href":"https:\/\/institutviladomat.cat\/portfoli\/16sergisarraute\/wp-json\/wp\/v2\/media?parent=632"}],"wp:term":[{"taxonomy":"category","embeddable":true,"href":"https:\/\/institutviladomat.cat\/portfoli\/16sergisarraute\/wp-json\/wp\/v2\/categories?post=632"},{"taxonomy":"post_tag","embeddable":true,"href":"https:\/\/institutviladomat.cat\/portfoli\/16sergisarraute\/wp-json\/wp\/v2\/tags?post=632"}],"curies":[{"name":"wp","href":"https:\/\/api.w.org\/{rel}","templated":true}]}}