{"id":683,"date":"2019-06-11T19:41:27","date_gmt":"2019-06-11T19:41:27","guid":{"rendered":"http:\/\/institutviladomat.cat\/portfoli\/16sergisarraute\/?p=683"},"modified":"2019-06-11T19:41:27","modified_gmt":"2019-06-11T19:41:27","slug":"frankenstein-de-kenneth-branagh","status":"publish","type":"post","link":"https:\/\/institutviladomat.cat\/portfoli\/16sergisarraute\/2019\/06\/11\/frankenstein-de-kenneth-branagh\/","title":{"rendered":"Frankenstein de Kenneth Branagh"},"content":{"rendered":"\n<p>En l&#8217;obertura d&#8217;aquesta situaci\u00f3 d\u2019aprenentatge (SA_307) hem vist la pel\u00b7l\u00edcula &#8220;Frankenstein&#8221; del fam\u00f3s Kenneth Branagh. \u00c9s una pel\u00b7l\u00edcula estranada l&#8217;any 1994  i dirigida pel mateix Kenneth Branagh que tamb\u00e9 fa d&#8217;actor. <\/p>\n\n\n\n<p>Est\u00e0 basada en la novel\u00b7la &#8220;Frankenstein, el modern Prometeu&#8221;, de l&#8217;autora Mary Shelley. La pel\u00b7l\u00edcula est\u00e0 protagonitzada per Kenneth Branagh, Robert De Niro i Helena Boham Carter. <\/p>\n\n\n\n<p>El Dr. V\u00edctor Frankenstein (Kenneth Branagh), \u00e9s un home de fam\u00edlia rica que a causa de la mort de la seva mare crea vida amb parts recol\u00b7lectades de diversos cossos morts. Aquest \u00e9sser que crea (el conegut Frankenstein, per\u00f2 que realment no ho \u00e9s)  rep tota mena de rebuig per part de la societat, i es aix\u00ed que es torna un monstre.<\/p>\n\n\n\n<p>A angl\u00e8s hem llegit una petita abreviaci\u00f3 de la novel\u00b7la original. D&#8217;aquesta manera, el professor d&#8217;aquesta mat\u00e8ria ens va dir que f\u00e9ssim un debat. Aleshores, la pregunta que ens vam formular nosaltres, va ser: qui \u00e9s realment el monstre? El senyor Frankenstein per haver creat una criatura monstruosa, o la creaci\u00f3 monstruosa, que \u00e9s qui realment ha matat a totes aquelles persones?<\/p>\n\n\n\n<p>Jo em decanto m\u00e9s per l&#8217;opini\u00f3 que tots dos han com\u00e8s errors i que els dos es podrien considerar monstres. Un per ser una criatura monstruosa que mata indiscriminadament i l&#8217;altre per haver creat a l&#8217;assass\u00ed. Del nostre grup coincid\u00edem en aquesta opini\u00f3 la Yira, una companya, i jo.<\/p>\n","protected":false},"excerpt":{"rendered":"<p>En l&#8217;obertura d&#8217;aquesta situaci\u00f3 d\u2019aprenentatge (SA_307) hem vist la pel\u00b7l\u00edcula &#8220;Frankenstein&#8221; del fam\u00f3s Kenneth Branagh. \u00c9s una pel\u00b7l\u00edcula estranada l&#8217;any 1994 i dirigida pel mateix Kenneth Branagh que&#8230;<\/p>\n","protected":false},"author":126,"featured_media":684,"comment_status":"open","ping_status":"open","sticky":false,"template":"","format":"standard","meta":{"footnotes":""},"categories":[40,57],"tags":[],"_links":{"self":[{"href":"https:\/\/institutviladomat.cat\/portfoli\/16sergisarraute\/wp-json\/wp\/v2\/posts\/683"}],"collection":[{"href":"https:\/\/institutviladomat.cat\/portfoli\/16sergisarraute\/wp-json\/wp\/v2\/posts"}],"about":[{"href":"https:\/\/institutviladomat.cat\/portfoli\/16sergisarraute\/wp-json\/wp\/v2\/types\/post"}],"author":[{"embeddable":true,"href":"https:\/\/institutviladomat.cat\/portfoli\/16sergisarraute\/wp-json\/wp\/v2\/users\/126"}],"replies":[{"embeddable":true,"href":"https:\/\/institutviladomat.cat\/portfoli\/16sergisarraute\/wp-json\/wp\/v2\/comments?post=683"}],"version-history":[{"count":1,"href":"https:\/\/institutviladomat.cat\/portfoli\/16sergisarraute\/wp-json\/wp\/v2\/posts\/683\/revisions"}],"predecessor-version":[{"id":685,"href":"https:\/\/institutviladomat.cat\/portfoli\/16sergisarraute\/wp-json\/wp\/v2\/posts\/683\/revisions\/685"}],"wp:featuredmedia":[{"embeddable":true,"href":"https:\/\/institutviladomat.cat\/portfoli\/16sergisarraute\/wp-json\/wp\/v2\/media\/684"}],"wp:attachment":[{"href":"https:\/\/institutviladomat.cat\/portfoli\/16sergisarraute\/wp-json\/wp\/v2\/media?parent=683"}],"wp:term":[{"taxonomy":"category","embeddable":true,"href":"https:\/\/institutviladomat.cat\/portfoli\/16sergisarraute\/wp-json\/wp\/v2\/categories?post=683"},{"taxonomy":"post_tag","embeddable":true,"href":"https:\/\/institutviladomat.cat\/portfoli\/16sergisarraute\/wp-json\/wp\/v2\/tags?post=683"}],"curies":[{"name":"wp","href":"https:\/\/api.w.org\/{rel}","templated":true}]}}