{"id":730,"date":"2019-10-25T09:28:28","date_gmt":"2019-10-25T09:28:28","guid":{"rendered":"http:\/\/institutviladomat.cat\/portfoli\/16sergisarraute\/?p=730"},"modified":"2019-10-25T09:28:28","modified_gmt":"2019-10-25T09:28:28","slug":"pellicula-die-welle","status":"publish","type":"post","link":"https:\/\/institutviladomat.cat\/portfoli\/16sergisarraute\/2019\/10\/25\/pellicula-die-welle\/","title":{"rendered":"Pel\u00b7l\u00edcula &#8220;Die Welle&#8221;"},"content":{"rendered":"\n<p>Avui \u00e9s tancament de situaci\u00f3 i a l&#8217;institut hem vist la pel\u00b7l\u00edcula &#8220;Die\u00a0Welle&#8221; o &#8220;L&#8217;onada&#8221;.<\/p>\n\n\n\n<p>Personalment m&#8217;ha agradat molt\u00edssim aquest film i crec que reflecteix molt b\u00e9 quins s\u00f3n els inicis d&#8217;un r\u00e8gim dictatorial o totalitarista, l&#8217;anomenada autocr\u00e0cia. Jo no m&#8217;identifico amb cap dels personatges, ja que no s\u00e9 ven b\u00e9 com reaccionaria. Potser Marco \u00e9s el que m\u00e9s em representa per\u00f2 no ho s\u00e9 del tot. En el debat posterior a la pel\u00b7l\u00edcula hem plantejat molts temes relacionats entre ells. Opino que les idees que a poc a poc van formant un r\u00e8gim aix\u00ed s\u00f3n innecess\u00e0ries per\u00f2 tenen un fons cert. \u00c9s veritat que fomenta l&#8217;esperit de la unitat i de grup, que davant una mateixa idea tots som iguals, per\u00f2 el conjunt d&#8217;elles forma un monstre anomenat dictadura. Potser per separat no s\u00f3n tan dolentes, per\u00f2 s\u00f3n normes que la societat pot viure sense elles.<\/p>\n\n\n\n<p>Actualment tamb\u00e9 \u00e9s molt f\u00e0cil muntar una idea totalit\u00e0ria aix\u00ed. Els joves estudiants som el col\u00b7lectiu m\u00e9s vulnerable, el que provoca que se&#8217;ns manipuli f\u00e0cilment. El cas \u00e9s que \u00e9s tan f\u00e0cil com que alguna figura imponent (com podria ser un professor) digui quatre idees revolucion\u00e0ries i amb un fons una mica cert es munti un r\u00e8gim aix\u00ed, perqu\u00e8 el que passa \u00e9s que som tan cr\u00e8duls que ens pensem que tot el que ens diuen \u00e9s veritat.<\/p>\n\n\n\n<p>Lamentablement, aix\u00f2 podria estar comen\u00e7ant en algun punt d&#8217;Europa i altres continents.<\/p>\n","protected":false},"excerpt":{"rendered":"<p>Avui \u00e9s tancament de situaci\u00f3 i a l&#8217;institut hem vist la pel\u00b7l\u00edcula &#8220;Die\u00a0Welle&#8221; o &#8220;L&#8217;onada&#8221;. Personalment m&#8217;ha agradat molt\u00edssim aquest film i crec que reflecteix molt b\u00e9 quins&#8230;<\/p>\n","protected":false},"author":126,"featured_media":731,"comment_status":"open","ping_status":"open","sticky":false,"template":"","format":"standard","meta":{"footnotes":""},"categories":[58,59],"tags":[],"_links":{"self":[{"href":"https:\/\/institutviladomat.cat\/portfoli\/16sergisarraute\/wp-json\/wp\/v2\/posts\/730"}],"collection":[{"href":"https:\/\/institutviladomat.cat\/portfoli\/16sergisarraute\/wp-json\/wp\/v2\/posts"}],"about":[{"href":"https:\/\/institutviladomat.cat\/portfoli\/16sergisarraute\/wp-json\/wp\/v2\/types\/post"}],"author":[{"embeddable":true,"href":"https:\/\/institutviladomat.cat\/portfoli\/16sergisarraute\/wp-json\/wp\/v2\/users\/126"}],"replies":[{"embeddable":true,"href":"https:\/\/institutviladomat.cat\/portfoli\/16sergisarraute\/wp-json\/wp\/v2\/comments?post=730"}],"version-history":[{"count":1,"href":"https:\/\/institutviladomat.cat\/portfoli\/16sergisarraute\/wp-json\/wp\/v2\/posts\/730\/revisions"}],"predecessor-version":[{"id":732,"href":"https:\/\/institutviladomat.cat\/portfoli\/16sergisarraute\/wp-json\/wp\/v2\/posts\/730\/revisions\/732"}],"wp:featuredmedia":[{"embeddable":true,"href":"https:\/\/institutviladomat.cat\/portfoli\/16sergisarraute\/wp-json\/wp\/v2\/media\/731"}],"wp:attachment":[{"href":"https:\/\/institutviladomat.cat\/portfoli\/16sergisarraute\/wp-json\/wp\/v2\/media?parent=730"}],"wp:term":[{"taxonomy":"category","embeddable":true,"href":"https:\/\/institutviladomat.cat\/portfoli\/16sergisarraute\/wp-json\/wp\/v2\/categories?post=730"},{"taxonomy":"post_tag","embeddable":true,"href":"https:\/\/institutviladomat.cat\/portfoli\/16sergisarraute\/wp-json\/wp\/v2\/tags?post=730"}],"curies":[{"name":"wp","href":"https:\/\/api.w.org\/{rel}","templated":true}]}}