{"id":95,"date":"2016-10-24T12:17:22","date_gmt":"2016-10-24T12:17:22","guid":{"rendered":"http:\/\/institutviladomat.cat\/portfoli\/16sergisarraute\/?p=95"},"modified":"2017-10-13T12:18:55","modified_gmt":"2017-10-13T12:18:55","slug":"la-pedrera-casa-mila","status":"publish","type":"post","link":"https:\/\/institutviladomat.cat\/portfoli\/16sergisarraute\/2016\/10\/24\/la-pedrera-casa-mila\/","title":{"rendered":"La Pedrera (Casa Mil\u00e0)"},"content":{"rendered":"<p>Que he apr\u00e8s a la sortida?<\/p>\n<p>Avui hem anat a la Casa Mil\u00e0, o Pedrera, no he apr\u00e8s gaire coses m\u00e9s, perqu\u00e8 vam anar amb l&#8217;escola, i all\u00e0 ho vaig absorbir tot, per\u00f2 he apr\u00e8s les quatre classes socials que hi havia aleshores: els burgesos, els menestrals, els artistes i els obrers. Tamb\u00e9 he apr\u00e8s varies coses de la Barcelona de l&#8217;\u00e8poca.<\/p>\n<p>Que m&#8217;ha semblat la sortida? Per qu\u00e8?<\/p>\n<p>La sortida en general m&#8217;ha semblat for\u00e7a interessant, el recorregut ha sigut el mateix que la darrera vegada, per\u00f2 la gu\u00eda era diferent, i m&#8217;ha semblat que era una mica m\u00e9s repetitiva.<\/p>\n<p>Fotograf\u00eda:<\/p>\n<p><img decoding=\"async\" src=\"https:\/\/media-cdn.tripadvisor.com\/media\/photo-s\/01\/c6\/09\/d6\/passeig-de-gracia-la.jpg\" \/><\/p>\n<p>&nbsp;<\/p>\n<p>&nbsp;<\/p>\n","protected":false},"excerpt":{"rendered":"<p>Que he apr\u00e8s a la sortida? Avui hem anat a la Casa Mil\u00e0, o Pedrera, no he apr\u00e8s gaire coses m\u00e9s, perqu\u00e8 vam anar amb l&#8217;escola, i all\u00e0&#8230;<\/p>\n","protected":false},"author":126,"featured_media":98,"comment_status":"open","ping_status":"open","sticky":false,"template":"","format":"standard","meta":{"footnotes":""},"categories":[37,20],"tags":[],"_links":{"self":[{"href":"https:\/\/institutviladomat.cat\/portfoli\/16sergisarraute\/wp-json\/wp\/v2\/posts\/95"}],"collection":[{"href":"https:\/\/institutviladomat.cat\/portfoli\/16sergisarraute\/wp-json\/wp\/v2\/posts"}],"about":[{"href":"https:\/\/institutviladomat.cat\/portfoli\/16sergisarraute\/wp-json\/wp\/v2\/types\/post"}],"author":[{"embeddable":true,"href":"https:\/\/institutviladomat.cat\/portfoli\/16sergisarraute\/wp-json\/wp\/v2\/users\/126"}],"replies":[{"embeddable":true,"href":"https:\/\/institutviladomat.cat\/portfoli\/16sergisarraute\/wp-json\/wp\/v2\/comments?post=95"}],"version-history":[{"count":2,"href":"https:\/\/institutviladomat.cat\/portfoli\/16sergisarraute\/wp-json\/wp\/v2\/posts\/95\/revisions"}],"predecessor-version":[{"id":97,"href":"https:\/\/institutviladomat.cat\/portfoli\/16sergisarraute\/wp-json\/wp\/v2\/posts\/95\/revisions\/97"}],"wp:featuredmedia":[{"embeddable":true,"href":"https:\/\/institutviladomat.cat\/portfoli\/16sergisarraute\/wp-json\/wp\/v2\/media\/98"}],"wp:attachment":[{"href":"https:\/\/institutviladomat.cat\/portfoli\/16sergisarraute\/wp-json\/wp\/v2\/media?parent=95"}],"wp:term":[{"taxonomy":"category","embeddable":true,"href":"https:\/\/institutviladomat.cat\/portfoli\/16sergisarraute\/wp-json\/wp\/v2\/categories?post=95"},{"taxonomy":"post_tag","embeddable":true,"href":"https:\/\/institutviladomat.cat\/portfoli\/16sergisarraute\/wp-json\/wp\/v2\/tags?post=95"}],"curies":[{"name":"wp","href":"https:\/\/api.w.org\/{rel}","templated":true}]}}